{"id":158,"date":"2025-03-02T20:33:32","date_gmt":"2025-03-03T01:33:32","guid":{"rendered":"http:\/\/www.fecont.com\/noticias\/?p=158"},"modified":"2025-03-02T20:34:22","modified_gmt":"2025-03-03T01:34:22","slug":"gran-oportunidad-de-actualizacion-tributaria","status":"publish","type":"post","link":"https:\/\/www.fecont.com\/noticias\/gran-oportunidad-de-actualizacion-tributaria\/","title":{"rendered":"\u00a1GRAN OPORTUNIDAD DE ACTUALIZACI\u00d3N TRIBUTARIA 2025!"},"content":{"rendered":"\n<figure class=\"wp-block-image size-large\"><img loading=\"lazy\" decoding=\"async\" width=\"819\" height=\"1024\" src=\"http:\/\/www.fecont.com\/noticias\/wp-content\/uploads\/2025\/03\/WhatsApp-Image-2025-03-01-at-5.06.19-PM-819x1024.jpeg\" alt=\"\" class=\"wp-image-161\" srcset=\"https:\/\/www.fecont.com\/noticias\/wp-content\/uploads\/2025\/03\/WhatsApp-Image-2025-03-01-at-5.06.19-PM-819x1024.jpeg 819w, https:\/\/www.fecont.com\/noticias\/wp-content\/uploads\/2025\/03\/WhatsApp-Image-2025-03-01-at-5.06.19-PM-240x300.jpeg 240w, https:\/\/www.fecont.com\/noticias\/wp-content\/uploads\/2025\/03\/WhatsApp-Image-2025-03-01-at-5.06.19-PM-768x960.jpeg 768w, https:\/\/www.fecont.com\/noticias\/wp-content\/uploads\/2025\/03\/WhatsApp-Image-2025-03-01-at-5.06.19-PM.jpeg 1080w\" sizes=\"auto, (max-width: 819px) 100vw, 819px\" \/><\/figure>\n\n\n\n<p>\u00a1El conocimiento es poder y en 2025 las reglas tributarias evolucionan! No te quedes atr\u00e1s y prep\u00e1rate con la mejor capacitaci\u00f3n sobre Actualizaci\u00f3n Tributaria y R\u00e9gimen Simple de Tributaci\u00f3n organizada por FECONT.<\/p>\n\n\n\n<p>Fecha: 12 de marzo<br>Hora: 6:00 PM &#8211; 9:00 PM<br>Modalidad: 100% virtual v\u00eda Zoom<br>Capacitador: Gerson Anduquia, C.P Mag\u00edster en Tributaci\u00f3n, con m\u00e1s de 10 a\u00f1os de experiencia formando expertos.<\/p>\n\n\n\n<p>Inversi\u00f3n:<br>Asociados: $80.000<br>Invitados: $110.000<br>Beneficio exclusivo: 10% de descuento si pagas antes del 7 de marzo o si invitas a 2 colegas.<\/p>\n\n\n\n<p>\u00a1Prep\u00e1rate para tomar decisiones estrat\u00e9gicas y evitar sanciones en 2025! Esta es tu oportunidad de actualizarte con expertos y asegurar tu ventaja competitiva en el \u00e1mbito tributario.<\/p>\n\n\n\n<p>M\u00e1s informaci\u00f3n e inscripciones:<\/p>\n\n\n\n<p>+57 311 4893635<br>fdoFecont@gmail.com<\/p>\n\n\n\n<p>\u00a1Cupos limitados! Asegura tu participaci\u00f3n hoy mismo.<\/p>\n","protected":false},"excerpt":{"rendered":"<p>\u00a1El conocimiento es poder y en 2025 las reglas tributarias evolucionan! No te quedes atr\u00e1s y prep\u00e1rate con la mejor capacitaci\u00f3n sobre Actualizaci\u00f3n Tributaria y R\u00e9gimen Simple de Tributaci\u00f3n organizada [&hellip;]<\/p>\n","protected":false},"author":1,"featured_media":0,"comment_status":"open","ping_status":"open","sticky":false,"template":"","format":"standard","meta":{"footnotes":""},"categories":[1],"tags":[],"class_list":["post-158","post","type-post","status-publish","format-standard","hentry","category-evento"],"_links":{"self":[{"href":"https:\/\/www.fecont.com\/noticias\/wp-json\/wp\/v2\/posts\/158","targetHints":{"allow":["GET"]}}],"collection":[{"href":"https:\/\/www.fecont.com\/noticias\/wp-json\/wp\/v2\/posts"}],"about":[{"href":"https:\/\/www.fecont.com\/noticias\/wp-json\/wp\/v2\/types\/post"}],"author":[{"embeddable":true,"href":"https:\/\/www.fecont.com\/noticias\/wp-json\/wp\/v2\/users\/1"}],"replies":[{"embeddable":true,"href":"https:\/\/www.fecont.com\/noticias\/wp-json\/wp\/v2\/comments?post=158"}],"version-history":[{"count":3,"href":"https:\/\/www.fecont.com\/noticias\/wp-json\/wp\/v2\/posts\/158\/revisions"}],"predecessor-version":[{"id":163,"href":"https:\/\/www.fecont.com\/noticias\/wp-json\/wp\/v2\/posts\/158\/revisions\/163"}],"wp:attachment":[{"href":"https:\/\/www.fecont.com\/noticias\/wp-json\/wp\/v2\/media?parent=158"}],"wp:term":[{"taxonomy":"category","embeddable":true,"href":"https:\/\/www.fecont.com\/noticias\/wp-json\/wp\/v2\/categories?post=158"},{"taxonomy":"post_tag","embeddable":true,"href":"https:\/\/www.fecont.com\/noticias\/wp-json\/wp\/v2\/tags?post=158"}],"curies":[{"name":"wp","href":"https:\/\/api.w.org\/{rel}","templated":true}]}}