{"id":136,"date":"2023-07-27T18:03:32","date_gmt":"2023-07-27T23:03:32","guid":{"rendered":"http:\/\/www.fecont.com\/noticias\/?p=136"},"modified":"2023-07-27T18:03:32","modified_gmt":"2023-07-27T23:03:32","slug":"celebramos-10-anos-juntos-un-sincero-agradecimiento-por-su-confianza-en-fecont","status":"publish","type":"post","link":"https:\/\/www.fecont.com\/noticias\/celebramos-10-anos-juntos-un-sincero-agradecimiento-por-su-confianza-en-fecont\/","title":{"rendered":"\u00a1Celebramos 10 a\u00f1os juntos! Un sincero agradecimiento por su confianza en FECONT"},"content":{"rendered":"\n<p>\u00a1Celebramos una d\u00e9cada de \u00e9xitos y logros junto a todos los contadores que han depositado su confianza en Fondo de Empleados de Contadores FECONT! El 11 de agosto, con gran alegr\u00eda, celebraremos nuestro d\u00e9cimo aniversario. A lo largo de estos diez a\u00f1os, hemos trabajado incansablemente para brindarles soluciones financieras y servicios que fortalezcan su bienestar.<\/p>\n\n\n\n<p>En primer lugar, queremos expresar nuestra m\u00e1s sincera gratitud a todos y cada uno de los contadores que han sido parte activa de FECONT. Su confianza en nuestro fondo de empleados nos ha impulsado a crecer y evolucionar constantemente. Sin duda, vuestro apoyo y lealtad han sido el cimiento de nuestro \u00e9xito y nos inspiran a seguir siendo su fondo de preferencia para la comunidad contable.<\/p>\n\n\n\n<p>Asimismo, deseamos expresar nuestro reconocimiento a nuestros colaboradores y equipo interno por su dedicaci\u00f3n incansable y su compromiso en brindar un servicio excepcional a nuestros afiliados. Su profesionalismo y pasi\u00f3n han sido fundamentales para alcanzar este importante hito de una d\u00e9cada. Continuaremos trabajando juntos con entusiasmo para ofrecerles las mejores soluciones financieras, asesoramiento y acompa\u00f1amiento en su camino hacia el \u00e9xito.<\/p>\n\n\n\n<p>En nombre de todo el equipo de Fondo de Empleados de Contadores, extendemos nuestro m\u00e1s sincero agradecimiento a todos los contadores que han sido parte de nuestra historia hasta ahora. Esperamos seguir creciendo juntos y construir un futuro a\u00fan m\u00e1s pr\u00f3spero y s\u00f3lido para todos. <\/p>\n\n\n\n<p>\u00a1Gracias por confiar en nosotros y ser parte de nuestra familia FECONT!<\/p>\n\n\n\n<figure class=\"wp-block-image size-large\"><img loading=\"lazy\" decoding=\"async\" width=\"1024\" height=\"1024\" src=\"http:\/\/www.fecont.com\/noticias\/wp-content\/uploads\/2023\/07\/10-aniversario-1024x1024.jpeg\" alt=\"\" class=\"wp-image-137\" srcset=\"https:\/\/www.fecont.com\/noticias\/wp-content\/uploads\/2023\/07\/10-aniversario-1024x1024.jpeg 1024w, https:\/\/www.fecont.com\/noticias\/wp-content\/uploads\/2023\/07\/10-aniversario-300x300.jpeg 300w, https:\/\/www.fecont.com\/noticias\/wp-content\/uploads\/2023\/07\/10-aniversario-150x150.jpeg 150w, https:\/\/www.fecont.com\/noticias\/wp-content\/uploads\/2023\/07\/10-aniversario-768x768.jpeg 768w, https:\/\/www.fecont.com\/noticias\/wp-content\/uploads\/2023\/07\/10-aniversario.jpeg 1200w\" sizes=\"auto, (max-width: 1024px) 100vw, 1024px\" \/><\/figure>\n\n\n\n<p><\/p>\n","protected":false},"excerpt":{"rendered":"<p>\u00a1Celebramos una d\u00e9cada de \u00e9xitos y logros junto a todos los contadores que han depositado su confianza en Fondo de Empleados de Contadores FECONT! El 11 de agosto, con gran [&hellip;]<\/p>\n","protected":false},"author":1,"featured_media":0,"comment_status":"open","ping_status":"open","sticky":false,"template":"","format":"standard","meta":{"footnotes":""},"categories":[1],"tags":[],"class_list":["post-136","post","type-post","status-publish","format-standard","hentry","category-evento"],"_links":{"self":[{"href":"https:\/\/www.fecont.com\/noticias\/wp-json\/wp\/v2\/posts\/136","targetHints":{"allow":["GET"]}}],"collection":[{"href":"https:\/\/www.fecont.com\/noticias\/wp-json\/wp\/v2\/posts"}],"about":[{"href":"https:\/\/www.fecont.com\/noticias\/wp-json\/wp\/v2\/types\/post"}],"author":[{"embeddable":true,"href":"https:\/\/www.fecont.com\/noticias\/wp-json\/wp\/v2\/users\/1"}],"replies":[{"embeddable":true,"href":"https:\/\/www.fecont.com\/noticias\/wp-json\/wp\/v2\/comments?post=136"}],"version-history":[{"count":1,"href":"https:\/\/www.fecont.com\/noticias\/wp-json\/wp\/v2\/posts\/136\/revisions"}],"predecessor-version":[{"id":138,"href":"https:\/\/www.fecont.com\/noticias\/wp-json\/wp\/v2\/posts\/136\/revisions\/138"}],"wp:attachment":[{"href":"https:\/\/www.fecont.com\/noticias\/wp-json\/wp\/v2\/media?parent=136"}],"wp:term":[{"taxonomy":"category","embeddable":true,"href":"https:\/\/www.fecont.com\/noticias\/wp-json\/wp\/v2\/categories?post=136"},{"taxonomy":"post_tag","embeddable":true,"href":"https:\/\/www.fecont.com\/noticias\/wp-json\/wp\/v2\/tags?post=136"}],"curies":[{"name":"wp","href":"https:\/\/api.w.org\/{rel}","templated":true}]}}